{"id":1617,"date":"2022-01-31T19:36:00","date_gmt":"2022-01-31T18:36:00","guid":{"rendered":"https:\/\/gengob.org\/?post_type=noticies&#038;p=1617"},"modified":"2022-02-04T19:44:53","modified_gmt":"2022-02-04T18:44:53","slug":"visita-guiada-a-ses-feixes","status":"publish","type":"noticies","link":"https:\/\/gengob.org\/es\/noticies\/visita-guiada-a-ses-feixes\/","title":{"rendered":"Visita guiada a ses Feixes"},"content":{"rendered":"<p class=\"has-drop-cap\">El dia 2 de febrer es celebra el dia internacional de les zones humides per possar de manifest l&#8217;import\u00e0ncia d&#8217;aquest h\u00e0bitats i la necessitat de la seva conservaci\u00f3. Enguany ho celebrem conjuntament amb l&#8217;ajuntament d&#8217;Eivissa organitzant una visita guiada  a ses Feixes.<\/p>\n\n\n\n<p>Una fant\u00e0stica oportunitat per coneixer la biodiversitat, els valors culturals i l&#8217;hist\u00f2ria d&#8217;aquest aiguamoll. Si voleu participar, cal fer inscripci\u00f3 via mail a mediambient@eivissa.es. <\/p>\n\n\n\n<p><\/p>\n\n\n\n<p><\/p>\n\n\n\n<p><\/p>\n\n\n\n<p class=\"has-text-align-right\"><strong>Eivissa, 29 de gener de 2022<\/strong><br><strong>GEN-GOB<\/strong>.\u00a0<\/p>","protected":false},"excerpt":{"rendered":"<p>El dia 2 de febrer es celebra el dia internacional de les zones humides per possar de manifest l&#8217;import\u00e0ncia d&#8217;aquest h\u00e0bitats i la necessitat de la seva conservaci\u00f3. Enguany ho celebrem conjuntament amb l&#8217;ajuntament d&#8217;Eivissa organitzant una visita guiada a ses Feixes. Una fant\u00e0stica oportunitat per coneixer la biodiversitat, els valors culturals i l&#8217;hist\u00f2ria d&#8217;aquest&#8230;<\/p>","protected":false},"featured_media":1618,"comment_status":"open","ping_status":"open","template":"","meta":{"_uag_custom_page_level_css":"","_kad_post_transparent":"disable","_kad_post_title":"show","_kad_post_layout":"narrow","_kad_post_sidebar_id":"","_kad_post_content_style":"unboxed","_kad_post_vertical_padding":"","_kad_post_feature":"show","_kad_post_feature_position":"below","_kad_post_header":false,"_kad_post_footer":false},"categories":[65],"tags":[],"temas":[64],"uagb_featured_image_src":{"full":["https:\/\/gengob.org\/wp-content\/uploads\/2022\/02\/visita-guiada-a-ses-feixes.jpg",960,960,false],"thumbnail":["https:\/\/gengob.org\/wp-content\/uploads\/2022\/02\/visita-guiada-a-ses-feixes-150x150.jpg",150,150,true],"medium":["https:\/\/gengob.org\/wp-content\/uploads\/2022\/02\/visita-guiada-a-ses-feixes-300x300.jpg",300,300,true],"medium_large":["https:\/\/gengob.org\/wp-content\/uploads\/2022\/02\/visita-guiada-a-ses-feixes-768x768.jpg",768,768,true],"large":["https:\/\/gengob.org\/wp-content\/uploads\/2022\/02\/visita-guiada-a-ses-feixes.jpg",960,960,false],"1536x1536":["https:\/\/gengob.org\/wp-content\/uploads\/2022\/02\/visita-guiada-a-ses-feixes.jpg",960,960,false],"2048x2048":["https:\/\/gengob.org\/wp-content\/uploads\/2022\/02\/visita-guiada-a-ses-feixes.jpg",960,960,false],"trp-custom-language-flag":["https:\/\/gengob.org\/wp-content\/uploads\/2022\/02\/visita-guiada-a-ses-feixes-12x12.jpg",12,12,true]},"uagb_author_info":{"display_name":"Joan Carles Palerm","author_link":"https:\/\/gengob.org\/es\/author\/"},"uagb_comment_info":0,"uagb_excerpt":"El dia 2 de febrer es celebra el dia internacional de les zones humides per possar de manifest l&#8217;import\u00e0ncia d&#8217;aquest h\u00e0bitats i la necessitat de la seva conservaci\u00f3. Enguany ho celebrem conjuntament amb l&#8217;ajuntament d&#8217;Eivissa organitzant una visita guiada a ses Feixes. Una fant\u00e0stica oportunitat per coneixer la biodiversitat, els valors culturals i l&#8217;hist\u00f2ria d&#8217;aquest...","_links":{"self":[{"href":"https:\/\/gengob.org\/es\/wp-json\/wp\/v2\/noticies\/1617"}],"collection":[{"href":"https:\/\/gengob.org\/es\/wp-json\/wp\/v2\/noticies"}],"about":[{"href":"https:\/\/gengob.org\/es\/wp-json\/wp\/v2\/types\/noticies"}],"replies":[{"embeddable":true,"href":"https:\/\/gengob.org\/es\/wp-json\/wp\/v2\/comments?post=1617"}],"wp:featuredmedia":[{"embeddable":true,"href":"https:\/\/gengob.org\/es\/wp-json\/wp\/v2\/media\/1618"}],"wp:attachment":[{"href":"https:\/\/gengob.org\/es\/wp-json\/wp\/v2\/media?parent=1617"}],"wp:term":[{"taxonomy":"category","embeddable":true,"href":"https:\/\/gengob.org\/es\/wp-json\/wp\/v2\/categories?post=1617"},{"taxonomy":"post_tag","embeddable":true,"href":"https:\/\/gengob.org\/es\/wp-json\/wp\/v2\/tags?post=1617"},{"taxonomy":"temas","embeddable":true,"href":"https:\/\/gengob.org\/es\/wp-json\/wp\/v2\/temas?post=1617"}],"curies":[{"name":"wp","href":"https:\/\/api.w.org\/{rel}","templated":true}]}}