{"id":1705,"date":"2022-05-09T21:53:00","date_gmt":"2022-05-09T19:53:00","guid":{"rendered":"https:\/\/gengob.org\/?post_type=noticies&#038;p=1705"},"modified":"2022-05-15T22:07:20","modified_gmt":"2022-05-15T20:07:20","slug":"viu-la-natura","status":"publish","type":"noticies","link":"https:\/\/gengob.org\/es\/noticies\/viu-la-natura\/","title":{"rendered":"Viu la Natura! Vina a can Casals."},"content":{"rendered":"<p class=\"has-drop-cap\">Des del GEN-GOB engegam un cicle d&#8217;activitats a la nostra seu de can Casals. Es tracta d&#8217;un conjunt de xerrades i tallers que al llarg dels darrers mesos permetran apropar-se a la natura de les nostres illes.   Ens complau compartir amb vosaltres el programa d&#8217;activitats &#8220;<strong>Viu la Natura! Vine a Can Casals<\/strong>&#8221; i que ens serveix per celebrar amb vosaltres el 40\u00e8 aniversari del GEN-GOB. <\/p>\n\n\n\n<p class=\"has-drop-cap\">Aquest programa compta amb el suport de la <a rel=\"noreferrer noopener\" href=\"https:\/\/colonya.com\/ca\/obra-social\/fundacio\/\" target=\"_blank\">Fundaci\u00f3 Guillem Cifre de Colonya<\/a>. La majoria d&#8217;activitats tindran lloc a la seu del GEN-GOB ( Can Casals ), tot i que alguna es desenvolupar\u00e0 a Can Toni d&#8217;en Jaume Negre o altres indrets que us vindrem anunciant. Us anirem donant m\u00e9s informaci\u00f3 de les activitats a mesura que s&#8217;apropi la data. Si estau interessats, inscriviu-vos a:\u00a0<a rel=\"noreferrer noopener\" href=\"mailto:educaciogen@gmail.com\" target=\"_blank\">educaciogen@gmail.com<\/a>. Totes les activitats seran gratu\u00eftes i amb l&#8217;aforament limitat.<\/p>\n\n\n\n<p><\/p>\n\n\n\n<figure class=\"wp-block-image size-large\"><img decoding=\"async\" loading=\"lazy\" width=\"1024\" height=\"576\" src=\"https:\/\/gengob.org\/wp-content\/uploads\/2021\/05\/Can-Toni-5-VIDEOS-1024x576.jpg\" alt=\"\" class=\"wp-image-684\" srcset=\"https:\/\/gengob.org\/wp-content\/uploads\/2021\/05\/Can-Toni-5-VIDEOS-1024x576.jpg 1024w, https:\/\/gengob.org\/wp-content\/uploads\/2021\/05\/Can-Toni-5-VIDEOS-300x169.jpg 300w, https:\/\/gengob.org\/wp-content\/uploads\/2021\/05\/Can-Toni-5-VIDEOS-768x432.jpg 768w, https:\/\/gengob.org\/wp-content\/uploads\/2021\/05\/Can-Toni-5-VIDEOS-1536x864.jpg 1536w, https:\/\/gengob.org\/wp-content\/uploads\/2021\/05\/Can-Toni-5-VIDEOS.jpg 1920w\" sizes=\"(max-width: 1024px) 100vw, 1024px\" \/><\/figure>\n\n\n\n<p><\/p>\n\n\n\n<p><\/p>\n\n\n\n<p class=\"has-text-align-right\"><strong>Eivissa, 9 de maig de 2022<\/strong><br><strong>GEN-GOB<\/strong><\/p>","protected":false},"excerpt":{"rendered":"<p>Des del GEN-GOB engegam un cicle d&#8217;activitats a la nostra seu de can Casals. Es tracta d&#8217;un conjunt de xerrades i tallers que al llarg dels darrers mesos permetran apropar-se a la natura de les nostres illes. Ens complau compartir amb vosaltres el programa d&#8217;activitats &#8220;Viu la Natura! Vine a Can Casals&#8221; i que ens&#8230;<\/p>","protected":false},"featured_media":1706,"comment_status":"open","ping_status":"open","template":"","meta":{"_uag_custom_page_level_css":"","_kad_post_transparent":"disable","_kad_post_title":"show","_kad_post_layout":"narrow","_kad_post_sidebar_id":"","_kad_post_content_style":"unboxed","_kad_post_vertical_padding":"","_kad_post_feature":"show","_kad_post_feature_position":"below","_kad_post_header":false,"_kad_post_footer":false},"categories":[72,65],"tags":[],"temas":[59],"uagb_featured_image_src":{"full":["https:\/\/gengob.org\/wp-content\/uploads\/2022\/05\/VIU-LA-NATURA-2022.jpg",1587,2245,false],"thumbnail":["https:\/\/gengob.org\/wp-content\/uploads\/2022\/05\/VIU-LA-NATURA-2022-150x150.jpg",150,150,true],"medium":["https:\/\/gengob.org\/wp-content\/uploads\/2022\/05\/VIU-LA-NATURA-2022-212x300.jpg",212,300,true],"medium_large":["https:\/\/gengob.org\/wp-content\/uploads\/2022\/05\/VIU-LA-NATURA-2022-768x1086.jpg",768,1086,true],"large":["https:\/\/gengob.org\/wp-content\/uploads\/2022\/05\/VIU-LA-NATURA-2022-724x1024.jpg",724,1024,true],"1536x1536":["https:\/\/gengob.org\/wp-content\/uploads\/2022\/05\/VIU-LA-NATURA-2022-1086x1536.jpg",1086,1536,true],"2048x2048":["https:\/\/gengob.org\/wp-content\/uploads\/2022\/05\/VIU-LA-NATURA-2022-1448x2048.jpg",1448,2048,true],"trp-custom-language-flag":["https:\/\/gengob.org\/wp-content\/uploads\/2022\/05\/VIU-LA-NATURA-2022-8x12.jpg",8,12,true]},"uagb_author_info":{"display_name":"Joan Carles Palerm","author_link":"https:\/\/gengob.org\/es\/author\/"},"uagb_comment_info":0,"uagb_excerpt":"Des del GEN-GOB engegam un cicle d&#8217;activitats a la nostra seu de can Casals. Es tracta d&#8217;un conjunt de xerrades i tallers que al llarg dels darrers mesos permetran apropar-se a la natura de les nostres illes. Ens complau compartir amb vosaltres el programa d&#8217;activitats &#8220;Viu la Natura! Vine a Can Casals&#8221; i que ens...","_links":{"self":[{"href":"https:\/\/gengob.org\/es\/wp-json\/wp\/v2\/noticies\/1705"}],"collection":[{"href":"https:\/\/gengob.org\/es\/wp-json\/wp\/v2\/noticies"}],"about":[{"href":"https:\/\/gengob.org\/es\/wp-json\/wp\/v2\/types\/noticies"}],"replies":[{"embeddable":true,"href":"https:\/\/gengob.org\/es\/wp-json\/wp\/v2\/comments?post=1705"}],"wp:featuredmedia":[{"embeddable":true,"href":"https:\/\/gengob.org\/es\/wp-json\/wp\/v2\/media\/1706"}],"wp:attachment":[{"href":"https:\/\/gengob.org\/es\/wp-json\/wp\/v2\/media?parent=1705"}],"wp:term":[{"taxonomy":"category","embeddable":true,"href":"https:\/\/gengob.org\/es\/wp-json\/wp\/v2\/categories?post=1705"},{"taxonomy":"post_tag","embeddable":true,"href":"https:\/\/gengob.org\/es\/wp-json\/wp\/v2\/tags?post=1705"},{"taxonomy":"temas","embeddable":true,"href":"https:\/\/gengob.org\/es\/wp-json\/wp\/v2\/temas?post=1705"}],"curies":[{"name":"wp","href":"https:\/\/api.w.org\/{rel}","templated":true}]}}