{"id":1814,"date":"2023-11-16T12:18:58","date_gmt":"2023-11-16T11:18:58","guid":{"rendered":"https:\/\/gengob.org\/?post_type=noticies&#038;p=1814"},"modified":"2023-11-16T12:22:52","modified_gmt":"2023-11-16T11:22:52","slug":"sense-residus-aprenem-amb-els-nostres-majors","status":"publish","type":"noticies","link":"https:\/\/gengob.org\/es\/noticies\/sense-residus-aprenem-amb-els-nostres-majors\/","title":{"rendered":"Sense Residus. Aprenem amb els nostres majors"},"content":{"rendered":"<p>Els darrers anys hem estat desenvolupant diferents accions de conscienciaci\u00f3, especialment a les escoles, amb la col\u00b7laboraci\u00f3 de persones majors. Gr\u00e0cies a la seva bona disposici\u00f3 vam poder aprofitar els seus coneixements i records per explicar als m\u00e9s petits  com s&#8217;aprofitaven i reutilitzaven les coses de forma que es produ\u00efen molts menys residus. <br><br>Tota aquesta experi\u00e8ncia ha estat incorporada al projecte <a href=\"https:\/\/www.noudiari.es\/noticias-ibiza-formentera-sidebar\/el-gen-dona-vida-al-projecte-sense-residus-aprenem-amb-els-nostres-majors\/\">Sense residus, aprenem dels nostres majors<\/a>, que hem executat en el segon semestre de 2023 gr\u00e0cies a la convocat\u00f2ria d&#8217;ajuts per projectes de reducci\u00f3 de residus del Consell d&#8217;Eivissa. <\/p>\n\n\n\n<p>Hem pogut fer un petit documental on hem recollit aquesta experi\u00e8ncia i records d&#8217;un grup de persones majors d&#8217;arreu de l&#8217;illa, que ha estat <a href=\"https:\/\/www.facebook.com\/permalink.php?story_fbid=pfbid0ZDQKhbpweH8qHwCVa6j643HDpYcXnApx8akChq4oiuNm4Rd8QZCZ1xFLhWRvmf4El&amp;id=100064590348108&amp;locale=tl_PH\">presentat p\u00fablicament a tots els municipis de l&#8217;illa d&#8217;Eivissa<\/a>,  aprofitant els protagonistes per obrir debats amb el p\u00fablic. Evidentment tamb\u00e9 hem portat el documental a les escoles on serveix de punt de partida perqu\u00e8 els alumnes reflexionin en relaci\u00f3 a la necessitat de reduir la nostra producci\u00f3 de residus i quines accions poden desenvolupar per aconseguir-ho.<\/p>\n\n\n\n<p>Des de fa uns dies el documental, realitzat amb la productora Film\u00f3tica, est\u00e0 disponible al nostre canal de youtube. <\/p>\n\n\n\n<figure class=\"wp-block-embed is-type-video is-provider-youtube wp-block-embed-youtube wp-embed-aspect-16-9 wp-has-aspect-ratio\"><div class=\"wp-block-embed__wrapper\">\n<iframe loading=\"lazy\" title=\"SENSE RESIDUS: aprenem amb els nostres majors.\" width=\"720\" height=\"405\" src=\"https:\/\/www.youtube.com\/embed\/N_cQoZPfiV4?feature=oembed\" frameborder=\"0\" allow=\"accelerometer; autoplay; clipboard-write; encrypted-media; gyroscope; picture-in-picture; web-share\" allowfullscreen><\/iframe>\n<\/div><\/figure>\n\n\n\n<p>Aprofitem per agrair la seva participaci\u00f3 i ganes a tota aquesta colla de gent bona, aix\u00ed com  a n&#8217;Ana Serapio pel seu ajut en la log\u00edstica i coordinaci\u00f3. <\/p>","protected":false},"excerpt":{"rendered":"<p>Els darrers anys hem estat desenvolupant diferents accions de conscienciaci\u00f3, especialment a les escoles, amb la col\u00b7laboraci\u00f3 de persones majors. Gr\u00e0cies a la seva bona disposici\u00f3 vam poder aprofitar els seus coneixements i records per explicar als m\u00e9s petits com s&#8217;aprofitaven i reutilitzaven les coses de forma que es produ\u00efen molts menys residus. Tota aquesta&#8230;<\/p>","protected":false},"featured_media":1816,"comment_status":"open","ping_status":"closed","template":"","meta":{"_uag_custom_page_level_css":"","_kad_post_transparent":"","_kad_post_title":"","_kad_post_layout":"","_kad_post_sidebar_id":"","_kad_post_content_style":"","_kad_post_vertical_padding":"","_kad_post_feature":"","_kad_post_feature_position":"","_kad_post_header":false,"_kad_post_footer":false},"categories":[],"tags":[],"temas":[62],"uagb_featured_image_src":{"full":["https:\/\/gengob.org\/wp-content\/uploads\/2023\/11\/majors.jpg",883,564,false],"thumbnail":["https:\/\/gengob.org\/wp-content\/uploads\/2023\/11\/majors-150x150.jpg",150,150,true],"medium":["https:\/\/gengob.org\/wp-content\/uploads\/2023\/11\/majors-300x192.jpg",300,192,true],"medium_large":["https:\/\/gengob.org\/wp-content\/uploads\/2023\/11\/majors-768x491.jpg",768,491,true],"large":["https:\/\/gengob.org\/wp-content\/uploads\/2023\/11\/majors.jpg",883,564,false],"1536x1536":["https:\/\/gengob.org\/wp-content\/uploads\/2023\/11\/majors.jpg",883,564,false],"2048x2048":["https:\/\/gengob.org\/wp-content\/uploads\/2023\/11\/majors.jpg",883,564,false],"trp-custom-language-flag":["https:\/\/gengob.org\/wp-content\/uploads\/2023\/11\/majors-18x12.jpg",18,12,true]},"uagb_author_info":{"display_name":"Joan Carles Palerm","author_link":"https:\/\/gengob.org\/es\/author\/"},"uagb_comment_info":0,"uagb_excerpt":"Els darrers anys hem estat desenvolupant diferents accions de conscienciaci\u00f3, especialment a les escoles, amb la col\u00b7laboraci\u00f3 de persones majors. Gr\u00e0cies a la seva bona disposici\u00f3 vam poder aprofitar els seus coneixements i records per explicar als m\u00e9s petits com s&#8217;aprofitaven i reutilitzaven les coses de forma que es produ\u00efen molts menys residus. Tota aquesta...","_links":{"self":[{"href":"https:\/\/gengob.org\/es\/wp-json\/wp\/v2\/noticies\/1814"}],"collection":[{"href":"https:\/\/gengob.org\/es\/wp-json\/wp\/v2\/noticies"}],"about":[{"href":"https:\/\/gengob.org\/es\/wp-json\/wp\/v2\/types\/noticies"}],"replies":[{"embeddable":true,"href":"https:\/\/gengob.org\/es\/wp-json\/wp\/v2\/comments?post=1814"}],"wp:featuredmedia":[{"embeddable":true,"href":"https:\/\/gengob.org\/es\/wp-json\/wp\/v2\/media\/1816"}],"wp:attachment":[{"href":"https:\/\/gengob.org\/es\/wp-json\/wp\/v2\/media?parent=1814"}],"wp:term":[{"taxonomy":"category","embeddable":true,"href":"https:\/\/gengob.org\/es\/wp-json\/wp\/v2\/categories?post=1814"},{"taxonomy":"post_tag","embeddable":true,"href":"https:\/\/gengob.org\/es\/wp-json\/wp\/v2\/tags?post=1814"},{"taxonomy":"temas","embeddable":true,"href":"https:\/\/gengob.org\/es\/wp-json\/wp\/v2\/temas?post=1814"}],"curies":[{"name":"wp","href":"https:\/\/api.w.org\/{rel}","templated":true}]}}